{"id":1278,"date":"2022-11-03T12:48:29","date_gmt":"2022-11-03T12:48:29","guid":{"rendered":"https:\/\/ajhq.ca\/?p=1278"},"modified":"2023-09-11T16:19:45","modified_gmt":"2023-09-11T16:19:45","slug":"formation-continue-avec-me-george-petsikas","status":"publish","type":"post","link":"https:\/\/ajhq.ca\/fr\/formation-continue-avec-me-george-petsikas\/","title":{"rendered":"FORMATION CONTINUE AVEC<br>ME GEORGE PETSIKAS"},"content":{"rendered":"<p>&nbsp;<\/p>\r\n\r\n\r\n\r\n<p><strong>Cher coll\u00e8gue,<\/strong><\/p>\r\n\r\n\r\n\r\n<p>Nous d\u00e9sirons vous informer que la derni\u00e8re formation de l&#8217;ann\u00e9e de l&#8217;AJHQ-HJAQ aura lieu le\u00a0<strong>jeudi 3 novembre\u00a02022 en ligne, de 12h30 \u00e0 14h00.\u00a0<\/strong>\u00a0D&#8217;une dur\u00e9e de 1.5 heure, elle sera sans frais pour les membres en r\u00e8gle de notre association et seulement 60$ pour les autres participants. Vous devez absolument vous inscrire en ligne au plus tard le 1er novembre 2022, 12h30, le tout afin de nous permettre de vous transmettre le lien pour la plateforme virtuelle.\u00a0<\/p>\r\n\r\n\r\n\r\n<p>&nbsp;<\/p>\r\n\r\n\r\n\r\n<p><em><strong>\u00ab Les relations avec la client\u00e8le des compagnies a\u00e9riennes et les cadres juridiques de protection des consommateurs\u2026 lorsque le premier est perturb\u00e9, le second vient \u00e0 la rescousse \u00bb<\/strong><\/em><\/p>\r\n\r\n\r\n\r\n<p>George Petsikas est n\u00e9 et vit actuellement \u00e0 Montr\u00e9al. Il a obtenu son baccalaur\u00e9at en droit (LL.B.) de l&#8217;Universit\u00e9 de Sherbrooke en 1987, puis sa ma\u00eetrise en droit (LL.M.) de l&#8217;Institut de droit a\u00e9rien et spatial de l&#8217;Universit\u00e9 McGill. Il est membre du Barreau du Qu\u00e9bec depuis 1988.<\/p>\r\n\r\n\r\n\r\n<p>De 1990 \u00e0 2021, George a travaill\u00e9 chez Transat A.T., la plus grande soci\u00e9t\u00e9 int\u00e9gr\u00e9e de voyages de vacances et compagnie a\u00e9rienne de loisirs du Canada. Il \u00e9tait responsable des affaires gouvernementales et des relations avec l&#8217;industrie \u00e0 l&#8217;\u00e9chelle mondiale, ainsi que des questions et des sujets relatifs au droit, \u00e0 la politique et \u00e0 la r\u00e9glementation de l&#8217;aviation ; aux accords bilat\u00e9raux de transport a\u00e9rien et aux n\u00e9gociations connexes ; \u00e0 l&#8217;acc\u00e8s au march\u00e9 du transport a\u00e9rien et \u00e0 sa lib\u00e9ralisation ; \u00e0 la responsabilit\u00e9 des transporteurs a\u00e9riens et au droit a\u00e9rien international priv\u00e9 connexe ; \u00e0 la gestion de l&#8217;immigration et des contr\u00f4les frontaliers ; \u00e0 la protection des consommateurs ; aux a\u00e9roports et \u00e0 la politique de s\u00fbret\u00e9 de l&#8217;aviation ; \u00e0 la durabilit\u00e9 environnementale et aux d\u00e9fis du changement climatique.<\/p>\r\n\r\n\r\n\r\n<p>En 2009, il a cofond\u00e9 et a \u00e9t\u00e9 nomm\u00e9 premier pr\u00e9sident du Conseil national des lignes a\u00e9riennes du Canada, l&#8217;association commerciale repr\u00e9sentant les plus grands transporteurs a\u00e9riens commerciaux du Canada. Il a comparu devant de nombreuses commissions parlementaires et a particip\u00e9 \u00e0 de nombreux organes consultatifs minist\u00e9riels. En juin 2019, il a \u00e9t\u00e9 nomm\u00e9 membre, puis \u00e9lu premier pr\u00e9sident du conseil consultatif des affaires industrielles de l&#8217;IATA.<\/p>\r\n\r\n\r\n\r\n<p>George est actuellement charg\u00e9 de cours \u00e0 temps partiel en droit a\u00e9rien et spatial \u00e0 la facult\u00e9 de droit de l&#8217;Universit\u00e9 McGill, ainsi que cofondateur et pr\u00e9sident d&#8217;une holding d&#8217;investissement immobilier prosp\u00e8re. Il est mari\u00e9 et a deux fils adolescents. Il aime voyager, faire du v\u00e9lo, cuisiner, jardiner, fumer des cigares cubains de premi\u00e8re qualit\u00e9, boire du bon scotch et ne pas aimer les Maple Leafs de Toronto.<\/p>\r\n\r\n\r\n\r\n<p><strong>Aux avocats participants<\/strong>\u00a0: Formation dont l&#8217;admissibilit\u00e9 est en\u00a0en cours aupr\u00e8s du Barreau du Qu\u00e9bec \u00a0aux fins de la formation continue obligatoire, pour une dur\u00e9e d\u2019une (1.5) heure. Nous vous invitons \u00e0 diffuser cette invitation aux membres de vos r\u00e9seaux! Nous nous r\u00e9jouissons de votre pr\u00e9sence parmi nous!<br \/><strong>Conseil d&#8217;administration de l&#8217;AJHQ<\/strong><\/p>","protected":false},"excerpt":{"rendered":"<p>&nbsp; Cher coll\u00e8gue, Nous d\u00e9sirons vous informer que la derni\u00e8re formation de l&#8217;ann\u00e9e de l&#8217;AJHQ-HJAQ aura lieu le\u00a0jeudi 3 novembre\u00a02022 en ligne, de 12h30 \u00e0 14h00.\u00a0\u00a0D&#8217;une dur\u00e9e de 1.5 heure, elle sera sans frais pour les membres en r\u00e8gle de notre association et seulement 60$ pour les autres participants. Vous devez absolument vous inscrire en [&hellip;]<\/p>\n","protected":false},"author":105,"featured_media":5736,"comment_status":"open","ping_status":"closed","sticky":false,"template":"","format":"standard","meta":{"give_campaign_id":0,"content-type":"","footnotes":""},"categories":[36],"tags":[],"class_list":["post-1278","post","type-post","status-publish","format-standard","has-post-thumbnail","hentry","category-actualites"],"_links":{"self":[{"href":"https:\/\/ajhq.ca\/fr\/wp-json\/wp\/v2\/posts\/1278","targetHints":{"allow":["GET"]}}],"collection":[{"href":"https:\/\/ajhq.ca\/fr\/wp-json\/wp\/v2\/posts"}],"about":[{"href":"https:\/\/ajhq.ca\/fr\/wp-json\/wp\/v2\/types\/post"}],"author":[{"embeddable":true,"href":"https:\/\/ajhq.ca\/fr\/wp-json\/wp\/v2\/users\/105"}],"replies":[{"embeddable":true,"href":"https:\/\/ajhq.ca\/fr\/wp-json\/wp\/v2\/comments?post=1278"}],"version-history":[{"count":1,"href":"https:\/\/ajhq.ca\/fr\/wp-json\/wp\/v2\/posts\/1278\/revisions"}],"predecessor-version":[{"id":5737,"href":"https:\/\/ajhq.ca\/fr\/wp-json\/wp\/v2\/posts\/1278\/revisions\/5737"}],"wp:featuredmedia":[{"embeddable":true,"href":"https:\/\/ajhq.ca\/fr\/wp-json\/wp\/v2\/media\/5736"}],"wp:attachment":[{"href":"https:\/\/ajhq.ca\/fr\/wp-json\/wp\/v2\/media?parent=1278"}],"wp:term":[{"taxonomy":"category","embeddable":true,"href":"https:\/\/ajhq.ca\/fr\/wp-json\/wp\/v2\/categories?post=1278"},{"taxonomy":"post_tag","embeddable":true,"href":"https:\/\/ajhq.ca\/fr\/wp-json\/wp\/v2\/tags?post=1278"}],"curies":[{"name":"wp","href":"https:\/\/api.w.org\/{rel}","templated":true}]}}